{"id":30344,"date":"2024-09-10T14:59:36","date_gmt":"2024-09-10T17:59:36","guid":{"rendered":"https:\/\/www.blogdochico.com.br\/v1\/?p=30344"},"modified":"2024-09-10T14:59:36","modified_gmt":"2024-09-10T17:59:36","slug":"sindicato-dos-bancarios-de-ilheus-e-regiao-emite-comunicado-sobre-decisao-de-greve-na-caixa-economia-federal-a-partir-desta-sexta-feira-13","status":"publish","type":"post","link":"https:\/\/www.blogdochico.com.br\/v2\/2024\/09\/10\/sindicato-dos-bancarios-de-ilheus-e-regiao-emite-comunicado-sobre-decisao-de-greve-na-caixa-economia-federal-a-partir-desta-sexta-feira-13\/","title":{"rendered":"Sindicato dos Banc\u00e1rios de Ilh\u00e9us e Regi\u00e3o emite comunicado sobre decis\u00e3o de greve na Caixa Economia Federal a partir desta sexta-feira (13)"},"content":{"rendered":"<p>COMUNICADO \u00c0 DIRE\u00c7\u00c3O DA CAIXA ECON\u00d4MICA FEDERAL E \u00c0 POPULA\u00c7\u00c3O SOBRE A PARALISA\u00c7\u00c3O<\/p>\n<p>O Sindicato dos Banc\u00e1rios de Ilh\u00e9us e Regi\u00e3o, CNPJ N\u00b0 14.172.555\/0001-25, por seu presidente, COMUNICA \u00e0 dire\u00e7\u00e3o da Caixa Econ\u00f4mica Federal, bem como \u00e0 popula\u00e7\u00e3o usu\u00e1ria dos servi\u00e7os banc\u00e1rios em geral, que os banc\u00e1rios deste Banco, se reuniram em ASSEMBLEIA GERAL EXTRAORDIN\u00c1RIA ESPECIFICA no dia 09\/09\/2024 (segunda-feira), e decidiram sobre a paralisa\u00e7\u00e3o dos servi\u00e7os por tempo indeterminado (greve geral), a partir das 10horas do dia 13\/09\/2024.<\/p>\n<p>Ilh\u00e9us, 09 de setembro 2024.<\/p>\n<p>Leia documento de Aviso de Greve abaixo.<\/p>\n<p><img fetchpriority=\"high\" decoding=\"async\" class=\"aligncenter wp-image-30346 size-full\" src=\"https:\/\/novo.blogdochico.com.br\/wp-content\/uploads\/2024\/09\/IMG-20240910-WA0002_copy_600x858.jpg\" alt=\"\" width=\"385\" height=\"550\" srcset=\"https:\/\/www.blogdochico.com.br\/v2\/wp-content\/uploads\/2024\/09\/IMG-20240910-WA0002_copy_600x858.jpg 385w, https:\/\/www.blogdochico.com.br\/v2\/wp-content\/uploads\/2024\/09\/IMG-20240910-WA0002_copy_600x858-210x300.jpg 210w\" sizes=\"(max-width: 385px) 100vw, 385px\" \/><\/p>\n<p><img decoding=\"async\" class=\"aligncenter size-medium wp-image-30345\" src=\"https:\/\/novo.blogdochico.com.br\/wp-content\/uploads\/2024\/09\/Seebi-sede-requalificada-1024x1024-1-1-300x300.jpeg\" alt=\"\" width=\"300\" height=\"300\" srcset=\"https:\/\/www.blogdochico.com.br\/v2\/wp-content\/uploads\/2024\/09\/Seebi-sede-requalificada-1024x1024-1-1-300x300.jpeg 300w, https:\/\/www.blogdochico.com.br\/v2\/wp-content\/uploads\/2024\/09\/Seebi-sede-requalificada-1024x1024-1-1-150x150.jpeg 150w, https:\/\/www.blogdochico.com.br\/v2\/wp-content\/uploads\/2024\/09\/Seebi-sede-requalificada-1024x1024-1-1-220x220.jpeg 220w, https:\/\/www.blogdochico.com.br\/v2\/wp-content\/uploads\/2024\/09\/Seebi-sede-requalificada-1024x1024-1-1-80x80.jpeg 80w, https:\/\/www.blogdochico.com.br\/v2\/wp-content\/uploads\/2024\/09\/Seebi-sede-requalificada-1024x1024-1-1.jpeg 550w\" sizes=\"(max-width: 300px) 100vw, 300px\" \/><\/p>\n","protected":false},"excerpt":{"rendered":"<p>COMUNICADO \u00c0 DIRE\u00c7\u00c3O DA CAIXA ECON\u00d4MICA FEDERAL E \u00c0 POPULA\u00c7\u00c3O SOBRE A PARALISA\u00c7\u00c3O O Sindicato dos Banc\u00e1rios de Ilh\u00e9us e&#8230;<\/p>\n","protected":false},"author":1,"featured_media":30345,"comment_status":"open","ping_status":"open","sticky":false,"template":"","format":"standard","meta":{"footnotes":""},"categories":[1],"tags":[224,225,226],"class_list":["post-30344","post","type-post","status-publish","format-standard","has-post-thumbnail","hentry","category-geral","tag-aviso","tag-caixa","tag-greve"],"_links":{"self":[{"href":"https:\/\/www.blogdochico.com.br\/v2\/wp-json\/wp\/v2\/posts\/30344","targetHints":{"allow":["GET"]}}],"collection":[{"href":"https:\/\/www.blogdochico.com.br\/v2\/wp-json\/wp\/v2\/posts"}],"about":[{"href":"https:\/\/www.blogdochico.com.br\/v2\/wp-json\/wp\/v2\/types\/post"}],"author":[{"embeddable":true,"href":"https:\/\/www.blogdochico.com.br\/v2\/wp-json\/wp\/v2\/users\/1"}],"replies":[{"embeddable":true,"href":"https:\/\/www.blogdochico.com.br\/v2\/wp-json\/wp\/v2\/comments?post=30344"}],"version-history":[{"count":0,"href":"https:\/\/www.blogdochico.com.br\/v2\/wp-json\/wp\/v2\/posts\/30344\/revisions"}],"wp:featuredmedia":[{"embeddable":true,"href":"https:\/\/www.blogdochico.com.br\/v2\/wp-json\/wp\/v2\/media\/30345"}],"wp:attachment":[{"href":"https:\/\/www.blogdochico.com.br\/v2\/wp-json\/wp\/v2\/media?parent=30344"}],"wp:term":[{"taxonomy":"category","embeddable":true,"href":"https:\/\/www.blogdochico.com.br\/v2\/wp-json\/wp\/v2\/categories?post=30344"},{"taxonomy":"post_tag","embeddable":true,"href":"https:\/\/www.blogdochico.com.br\/v2\/wp-json\/wp\/v2\/tags?post=30344"}],"curies":[{"name":"wp","href":"https:\/\/api.w.org\/{rel}","templated":true}]}}