{"id":30355,"date":"2024-09-11T10:44:40","date_gmt":"2024-09-11T13:44:40","guid":{"rendered":"https:\/\/www.blogdochico.com.br\/v1\/?p=30355"},"modified":"2024-09-11T10:44:40","modified_gmt":"2024-09-11T13:44:40","slug":"durante-entrevista-vereadora-enilda-anuncia-contratacao-de-empresa-para-finalizar-sistema-de-agua-tratada-em-banco-do-pedro-e-castelo-novo","status":"publish","type":"post","link":"https:\/\/www.blogdochico.com.br\/v2\/2024\/09\/11\/durante-entrevista-vereadora-enilda-anuncia-contratacao-de-empresa-para-finalizar-sistema-de-agua-tratada-em-banco-do-pedro-e-castelo-novo\/","title":{"rendered":"Durante entrevista, vereadora Enilda anuncia contrata\u00e7\u00e3o de empresa para finalizar sistema de \u00e1gua tratada em Banco do Pedro e Castelo Novo"},"content":{"rendered":"<div dir=\"ltr\">\n<p>Na manh\u00e3 desta ter\u00e7a-feira (10), a professora e vereadora Enilda Mendon\u00e7a (PT) foi entrevistada pelo comunicador Vila Nova. Na oportunidade, a vereadora informou que a Embasa contratou, por meio de licita\u00e7\u00e3o, uma empresa para concluir os servi\u00e7os de instala\u00e7\u00e3o de um sistema de \u00e1gua tratada em Banco do Pedro, que tamb\u00e9m chegar\u00e1 a Castelo Novo.<\/p>\n<div>\n<p>De acordo com Enilda, 900 casas entre os dois distritos v\u00e3o ser beneficiadas com o sistema, trazendo mais qualidade de vida para quase 2.000 pessoas. A instala\u00e7\u00e3o do sistema \u00e9 resultado de uma articula\u00e7\u00e3o pol\u00edtica iniciada em 2021 pela vereadora Enilda com o deputado federal Josias Gomes, contando com o apoio da Biof\u00e1brica, Cerb e Associa\u00e7\u00e3o de Moradores do Banco do Pedro.<\/p>\n<p>Atualmente, mais de 80% dos servi\u00e7os j\u00e1 foram conclu\u00eddos, com tubula\u00e7\u00f5es e reservat\u00f3rios instalados no Banco do Pedro. Segundo Enilda, o consumo de \u00e1gua na localidade, assim como em outros distritos de Ilh\u00e9us, acontece por meio de sistema de po\u00e7os artesianos e tamb\u00e9m de \u00e1gua coletada diretamente do rio, o que coloca em risco a sa\u00fade dos moradores, e causando uma depend\u00eancia da manuten\u00e7\u00e3o \u00a0constante de bombas d&#8217;\u00e1gua.<\/p>\n<\/div>\n<div>Ainda de acordo com Enilda, esse projeto j\u00e1 serviu como modelo para estudos em outras \u00e1reas, como o distrito de Inema, onde t\u00e9cnicos da Embasa realizaram visitas recentes para analisar a viabilidade de um sistema.<\/div>\n<div>De acordo com a vereadora, a empresa contratada pela Embasa \u00e9 a &#8220;Ambiente Engenharia&#8221;, que ter\u00e1 at\u00e9 210 dias para execu\u00e7\u00e3o dos servi\u00e7os. A assinatura do contrato, no valor de R$ 4 milh\u00f5es, aconteceu no dia 14 de agosto de 2024.A \u00edntegra da entrevista com a professora e vereadora Enilda\u00a0<a href=\"https:\/\/www.youtube.com\/watch?v=d-4JCYR9q90\" target=\"_blank\" rel=\"noopener noreferrer\" data-saferedirecturl=\"https:\/\/www.google.com\/url?q=https:\/\/www.youtube.com\/watch?v%3Dd-4JCYR9q90&amp;source=gmail&amp;ust=1726148563643000&amp;usg=AOvVaw1GT0WLl-AOHxf2iIW7aAO6\">est\u00e1 dispon\u00edvel no Youtube<\/a>.<\/p>\n<\/div>\n<\/div>\n","protected":false},"excerpt":{"rendered":"<p>Na manh\u00e3 desta ter\u00e7a-feira (10), a professora e vereadora Enilda Mendon\u00e7a (PT) foi entrevistada pelo comunicador Vila Nova. Na oportunidade,&#8230;<\/p>\n","protected":false},"author":1,"featured_media":30356,"comment_status":"open","ping_status":"open","sticky":false,"template":"","format":"standard","meta":{"footnotes":""},"categories":[1],"tags":[231,232],"class_list":["post-30355","post","type-post","status-publish","format-standard","has-post-thumbnail","hentry","category-geral","tag-enilda-mendonca","tag-professora"],"_links":{"self":[{"href":"https:\/\/www.blogdochico.com.br\/v2\/wp-json\/wp\/v2\/posts\/30355","targetHints":{"allow":["GET"]}}],"collection":[{"href":"https:\/\/www.blogdochico.com.br\/v2\/wp-json\/wp\/v2\/posts"}],"about":[{"href":"https:\/\/www.blogdochico.com.br\/v2\/wp-json\/wp\/v2\/types\/post"}],"author":[{"embeddable":true,"href":"https:\/\/www.blogdochico.com.br\/v2\/wp-json\/wp\/v2\/users\/1"}],"replies":[{"embeddable":true,"href":"https:\/\/www.blogdochico.com.br\/v2\/wp-json\/wp\/v2\/comments?post=30355"}],"version-history":[{"count":0,"href":"https:\/\/www.blogdochico.com.br\/v2\/wp-json\/wp\/v2\/posts\/30355\/revisions"}],"wp:featuredmedia":[{"embeddable":true,"href":"https:\/\/www.blogdochico.com.br\/v2\/wp-json\/wp\/v2\/media\/30356"}],"wp:attachment":[{"href":"https:\/\/www.blogdochico.com.br\/v2\/wp-json\/wp\/v2\/media?parent=30355"}],"wp:term":[{"taxonomy":"category","embeddable":true,"href":"https:\/\/www.blogdochico.com.br\/v2\/wp-json\/wp\/v2\/categories?post=30355"},{"taxonomy":"post_tag","embeddable":true,"href":"https:\/\/www.blogdochico.com.br\/v2\/wp-json\/wp\/v2\/tags?post=30355"}],"curies":[{"name":"wp","href":"https:\/\/api.w.org\/{rel}","templated":true}]}}