{"id":30952,"date":"2024-10-17T08:25:34","date_gmt":"2024-10-17T11:25:34","guid":{"rendered":"https:\/\/www.blogdochico.com.br\/v1\/?p=30952"},"modified":"2024-10-17T08:25:34","modified_gmt":"2024-10-17T11:25:34","slug":"super-blogs-recebe-vinicius-alcantara-vereador-reeleito-e-mais-votado-de-ilheus-nesta-quinta-feira-17","status":"publish","type":"post","link":"https:\/\/www.blogdochico.com.br\/v2\/2024\/10\/17\/super-blogs-recebe-vinicius-alcantara-vereador-reeleito-e-mais-votado-de-ilheus-nesta-quinta-feira-17\/","title":{"rendered":"Super Blogs recebe Vin\u00edcius Alc\u00e2ntara, vereador reeleito e mais votado de Ilh\u00e9us, nesta quinta-feira (17)"},"content":{"rendered":"<p>Nesta quinta-feira (17), o Super Blogs que vai ao ar \u00e0s 19h, far\u00e1 mais uma an\u00e1lise da conjuntura pol\u00edtica de Ilh\u00e9us e da regi\u00e3o sul da Bahia. Em seguida, a bancada do programa ter\u00e1 a participa\u00e7\u00e3o de Vin\u00edcius Alc\u00e2ntara, vereador reeleito em Ilh\u00e9us.<\/p>\n<p>Policial Rodovi\u00e1rio Federal, ascendeu na pol\u00edtica atrav\u00e9s de um grupo de movimento ambiental. Foi eleito pelo Partido Verde (PV), em 2020 e em 2024, pelo Uni\u00e3o Brasil (UB), se reelegeu e foi o candidato mais votado na disputa para o legislativo ilheense, com 1.899 votos.<\/p>\n<p>Em 2022, o vereador se lan\u00e7ou a deputado federal, mas n\u00e3o obteve \u00eaxito. Atualmente, o edil exerce uma certa influ\u00eancia em seu grupo pol\u00edtico e est\u00e1 cotado para assumir a lideran\u00e7a do governo Valderico Junior, a partir de 2025.<\/p>\n<p>Quais as pretens\u00f5es de Vin\u00edcius Alc\u00e2ntara em seu novo per\u00edodo de legislatura na c\u00e2mara municipal? Como ele espera colaborar com o governo eleito para tra\u00e7ar estrat\u00e9gias visando um futuro melhor para Ilh\u00e9us?<\/p>\n<p>Quer saber mais sobre este e outros assuntos?<\/p>\n<p>Assista o epis\u00f3dio #66 do Super Blogs e fique por dentro desse bate-papo. Acesse o link abaixo e ative o sininho. Participe desse di\u00e1logo.<\/p>\n<p><a href=\"https:\/\/www.youtube.com\/live\/lS7UTZZuudA\" target=\"_blank\" rel=\"noopener noreferrer\">https:\/\/www.youtube.com\/live\/lS7UTZZuudA<\/a><\/p>\n","protected":false},"excerpt":{"rendered":"<p>Nesta quinta-feira (17), o Super Blogs que vai ao ar \u00e0s 19h, far\u00e1 mais uma an\u00e1lise da conjuntura pol\u00edtica de&#8230;<\/p>\n","protected":false},"author":1,"featured_media":30953,"comment_status":"open","ping_status":"open","sticky":false,"template":"","format":"standard","meta":{"footnotes":""},"categories":[1],"tags":[415,203,416],"class_list":["post-30952","post","type-post","status-publish","format-standard","has-post-thumbnail","hentry","category-geral","tag-recebe","tag-super-blogs","tag-vinicius-alcantara"],"_links":{"self":[{"href":"https:\/\/www.blogdochico.com.br\/v2\/wp-json\/wp\/v2\/posts\/30952","targetHints":{"allow":["GET"]}}],"collection":[{"href":"https:\/\/www.blogdochico.com.br\/v2\/wp-json\/wp\/v2\/posts"}],"about":[{"href":"https:\/\/www.blogdochico.com.br\/v2\/wp-json\/wp\/v2\/types\/post"}],"author":[{"embeddable":true,"href":"https:\/\/www.blogdochico.com.br\/v2\/wp-json\/wp\/v2\/users\/1"}],"replies":[{"embeddable":true,"href":"https:\/\/www.blogdochico.com.br\/v2\/wp-json\/wp\/v2\/comments?post=30952"}],"version-history":[{"count":0,"href":"https:\/\/www.blogdochico.com.br\/v2\/wp-json\/wp\/v2\/posts\/30952\/revisions"}],"wp:featuredmedia":[{"embeddable":true,"href":"https:\/\/www.blogdochico.com.br\/v2\/wp-json\/wp\/v2\/media\/30953"}],"wp:attachment":[{"href":"https:\/\/www.blogdochico.com.br\/v2\/wp-json\/wp\/v2\/media?parent=30952"}],"wp:term":[{"taxonomy":"category","embeddable":true,"href":"https:\/\/www.blogdochico.com.br\/v2\/wp-json\/wp\/v2\/categories?post=30952"},{"taxonomy":"post_tag","embeddable":true,"href":"https:\/\/www.blogdochico.com.br\/v2\/wp-json\/wp\/v2\/tags?post=30952"}],"curies":[{"name":"wp","href":"https:\/\/api.w.org\/{rel}","templated":true}]}}