{"id":31889,"date":"2025-02-06T11:28:34","date_gmt":"2025-02-06T14:28:34","guid":{"rendered":"https:\/\/www.blogdochico.com.br\/v2\/?p=31889"},"modified":"2025-02-06T11:28:34","modified_gmt":"2025-02-06T14:28:34","slug":"super-blogs-recebe-vereadora-enilda-mendonca-nesta-quinta-feira-06","status":"publish","type":"post","link":"https:\/\/www.blogdochico.com.br\/v2\/2025\/02\/06\/super-blogs-recebe-vereadora-enilda-mendonca-nesta-quinta-feira-06\/","title":{"rendered":"Super Blogs recebe vereadora Enilda Mendon\u00e7a nesta quinta-feira (06)"},"content":{"rendered":"<p>Nesta quinta-feira (06), a partir das 19h, com transmiss\u00e3o ao vivo pelo YouTube, o Super Blogs receber\u00e1 a vereadora Enilda Mendon\u00e7a do Partido dos Trabalhadores (PT). Assim que se reelegeu para mais um mandato na C\u00e2mara de Ilh\u00e9us, a parlamentar declarou oposi\u00e7\u00e3o ao governo do prefeito Valderico Junior do Uni\u00e3o Brasil (UB).<\/p>\n<p>A bancada do programa pretende levantar informa\u00e7\u00f5es sobre o acompanhamento e a fiscaliza\u00e7\u00e3o de Enilda Mendon\u00e7a diante das atividades da gest\u00e3o p\u00fablica municipal. Tamb\u00e9m como est\u00e1 o di\u00e1logo com a administra\u00e7\u00e3o na quest\u00e3o das classes trabalhadoras que a vereadora representa e as propostas do seu mandato para melhoria de vida da popula\u00e7\u00e3o ilheense.<\/p>\n<p>Quer ficar por dentro desses e de outros assuntos? N\u00e3o perca o epis\u00f3dio #079 e saiba das informa\u00e7\u00f5es que sair\u00e3o desse bate-papo. N\u00e3o perca, acesse o link abaixo e ative o sininho.<\/p>\n<p style=\"text-align: center;\"><iframe title=\"YouTube video player\" src=\"https:\/\/www.youtube.com\/embed\/irpjMcWqxaE?si=WG7J8ZRAA-yhQAkI\" width=\"560\" height=\"315\" frameborder=\"0\" allowfullscreen=\"allowfullscreen\"><\/iframe><\/p>\n","protected":false},"excerpt":{"rendered":"<p>Nesta quinta-feira (06), a partir das 19h, com transmiss\u00e3o ao vivo pelo YouTube, o Super Blogs receber\u00e1 a vereadora Enilda&#8230;<\/p>\n","protected":false},"author":2,"featured_media":31890,"comment_status":"open","ping_status":"open","sticky":false,"template":"","format":"standard","meta":{"footnotes":""},"categories":[565,16],"tags":[],"class_list":["post-31889","post","type-post","status-publish","format-standard","has-post-thumbnail","hentry","category-destaques","category-people"],"_links":{"self":[{"href":"https:\/\/www.blogdochico.com.br\/v2\/wp-json\/wp\/v2\/posts\/31889","targetHints":{"allow":["GET"]}}],"collection":[{"href":"https:\/\/www.blogdochico.com.br\/v2\/wp-json\/wp\/v2\/posts"}],"about":[{"href":"https:\/\/www.blogdochico.com.br\/v2\/wp-json\/wp\/v2\/types\/post"}],"author":[{"embeddable":true,"href":"https:\/\/www.blogdochico.com.br\/v2\/wp-json\/wp\/v2\/users\/2"}],"replies":[{"embeddable":true,"href":"https:\/\/www.blogdochico.com.br\/v2\/wp-json\/wp\/v2\/comments?post=31889"}],"version-history":[{"count":1,"href":"https:\/\/www.blogdochico.com.br\/v2\/wp-json\/wp\/v2\/posts\/31889\/revisions"}],"predecessor-version":[{"id":31891,"href":"https:\/\/www.blogdochico.com.br\/v2\/wp-json\/wp\/v2\/posts\/31889\/revisions\/31891"}],"wp:featuredmedia":[{"embeddable":true,"href":"https:\/\/www.blogdochico.com.br\/v2\/wp-json\/wp\/v2\/media\/31890"}],"wp:attachment":[{"href":"https:\/\/www.blogdochico.com.br\/v2\/wp-json\/wp\/v2\/media?parent=31889"}],"wp:term":[{"taxonomy":"category","embeddable":true,"href":"https:\/\/www.blogdochico.com.br\/v2\/wp-json\/wp\/v2\/categories?post=31889"},{"taxonomy":"post_tag","embeddable":true,"href":"https:\/\/www.blogdochico.com.br\/v2\/wp-json\/wp\/v2\/tags?post=31889"}],"curies":[{"name":"wp","href":"https:\/\/api.w.org\/{rel}","templated":true}]}}