{"id":31901,"date":"2025-02-07T17:12:15","date_gmt":"2025-02-07T20:12:15","guid":{"rendered":"https:\/\/www.blogdochico.com.br\/v2\/?p=31901"},"modified":"2025-02-07T17:12:15","modified_gmt":"2025-02-07T20:12:15","slug":"alteracoes-na-avenida-acm-serao-implantadas-a-partir-da-noite-desta-sexta-feira-07","status":"publish","type":"post","link":"https:\/\/www.blogdochico.com.br\/v2\/2025\/02\/07\/alteracoes-na-avenida-acm-serao-implantadas-a-partir-da-noite-desta-sexta-feira-07\/","title":{"rendered":"Altera\u00e7\u00f5es na Avenida ACM ser\u00e3o implantadas a partir da noite desta sexta-feira (07)"},"content":{"rendered":"<p><em>Agentes de tr\u00e2nsito auxiliar\u00e3o condutores e pedestres durante a fase de adapta\u00e7\u00e3o<\/em><\/p>\n<p>A Prefeitura de Ilh\u00e9us, atrav\u00e9s da Autarquia de Transporte e Tr\u00e2nsito (SUTRAM), realiza, a partir das 20h desta sexta-feira (07), altera\u00e7\u00f5es vi\u00e1rias na Avenida Ant\u00f4nio Carlos Magalh\u00e3es, no bairro Malhado. As mudan\u00e7as foram comunicadas pelo \u00f3rg\u00e3o desde o dia 29 de janeiro e visam melhorar a mobilidade urbana e a seguran\u00e7a de condutores e pedestres.<\/p>\n<p>Entre as altera\u00e7\u00f5es, a Avenida ACM voltar\u00e1 a operar em sentido duplo, no trecho entre o inicio da via e o trevo pr\u00f3ximo \u00e0 Travessa Nossa Senhora das Gra\u00e7as. Ser\u00e3o duas faixas sentido Centro e uma sentido Norte. Haver\u00e1 tamb\u00e9m readequa\u00e7\u00e3o de sem\u00e1foros e novas faixas de pedestres, al\u00e9m do deslocamento da faixa de estacionamento para o local da ciclofaixa, que ser\u00e1 mantida e revitalizada na Avenida Luis Eduardo Magalh\u00e3es (Litor\u00e2nea).<\/p>\n<p>&#8220;A mudan\u00e7a na Avenida ACM \u00e9 um compromisso do prefeito Valderico Junior, a partir de uma demanda da comunidade local. Nossa equipe vem trabalhando para implantar as altera\u00e7\u00f5es da forma mais segura e que melhore o tr\u00e1fego para todos. Durante a fase de adapta\u00e7\u00e3o, agentes de tr\u00e2nsito estar\u00e3o presentes para auxiliar condutores, ciclistas e pedestres&#8221;, afirmou o Diretor Geral da SUTRAM, Cl\u00e1udio Cardoso.<\/p>\n<p>Foto: Nadson Carvalho \/ Sucom<\/p>\n","protected":false},"excerpt":{"rendered":"<p>Agentes de tr\u00e2nsito auxiliar\u00e3o condutores e pedestres durante a fase de adapta\u00e7\u00e3o A Prefeitura de Ilh\u00e9us, atrav\u00e9s da Autarquia de&#8230;<\/p>\n","protected":false},"author":2,"featured_media":31902,"comment_status":"open","ping_status":"open","sticky":false,"template":"","format":"standard","meta":{"footnotes":""},"categories":[565],"tags":[728,729,162],"class_list":["post-31901","post","type-post","status-publish","format-standard","has-post-thumbnail","hentry","category-destaques","tag-alteracoes","tag-av-acm","tag-ilheus"],"_links":{"self":[{"href":"https:\/\/www.blogdochico.com.br\/v2\/wp-json\/wp\/v2\/posts\/31901","targetHints":{"allow":["GET"]}}],"collection":[{"href":"https:\/\/www.blogdochico.com.br\/v2\/wp-json\/wp\/v2\/posts"}],"about":[{"href":"https:\/\/www.blogdochico.com.br\/v2\/wp-json\/wp\/v2\/types\/post"}],"author":[{"embeddable":true,"href":"https:\/\/www.blogdochico.com.br\/v2\/wp-json\/wp\/v2\/users\/2"}],"replies":[{"embeddable":true,"href":"https:\/\/www.blogdochico.com.br\/v2\/wp-json\/wp\/v2\/comments?post=31901"}],"version-history":[{"count":1,"href":"https:\/\/www.blogdochico.com.br\/v2\/wp-json\/wp\/v2\/posts\/31901\/revisions"}],"predecessor-version":[{"id":31903,"href":"https:\/\/www.blogdochico.com.br\/v2\/wp-json\/wp\/v2\/posts\/31901\/revisions\/31903"}],"wp:featuredmedia":[{"embeddable":true,"href":"https:\/\/www.blogdochico.com.br\/v2\/wp-json\/wp\/v2\/media\/31902"}],"wp:attachment":[{"href":"https:\/\/www.blogdochico.com.br\/v2\/wp-json\/wp\/v2\/media?parent=31901"}],"wp:term":[{"taxonomy":"category","embeddable":true,"href":"https:\/\/www.blogdochico.com.br\/v2\/wp-json\/wp\/v2\/categories?post=31901"},{"taxonomy":"post_tag","embeddable":true,"href":"https:\/\/www.blogdochico.com.br\/v2\/wp-json\/wp\/v2\/tags?post=31901"}],"curies":[{"name":"wp","href":"https:\/\/api.w.org\/{rel}","templated":true}]}}