{"id":32711,"date":"2025-05-27T15:35:25","date_gmt":"2025-05-27T18:35:25","guid":{"rendered":"https:\/\/www.blogdochico.com.br\/v2\/?p=32711"},"modified":"2025-05-27T15:35:25","modified_gmt":"2025-05-27T18:35:25","slug":"itacare-recebe-etapa-da-taca-brasil-com-atletas-em-busca-da-elite-do-surf-nacional","status":"publish","type":"post","link":"https:\/\/www.blogdochico.com.br\/v2\/2025\/05\/27\/itacare-recebe-etapa-da-taca-brasil-com-atletas-em-busca-da-elite-do-surf-nacional\/","title":{"rendered":"Itacar\u00e9 recebe etapa da Ta\u00e7a Brasil com atletas em busca da elite do surf nacional"},"content":{"rendered":"<div id=\"m#msg-f:1833209388947908993\" class=\"mail-message expanded\">\n<div class=\"mail-message-header spacer\"><em>A etapa vale 10 mil pontos no ranking e distribuir\u00e1 um total de R$ 250 mil entre os primeiros colocados das categorias feminino e masculino<\/em><\/div>\n<div id=\"m#msg-f:1833209388947908993-content\" class=\"mail-message-content collapsible zoom-normal mail-show-images \">\n<div class=\"clear\">\n<div dir=\"ltr\">\n<div class=\"gmail_quote\">\n<div dir=\"ltr\">\n<p dir=\"ltr\">Imagina juntar um cen\u00e1rio paradis\u00edaco, ondas r\u00e1pidas e regulares, e surfistas de alto n\u00edvel em um s\u00f3 lugar \u2013 tudo isso temperado com muito dend\u00ea e aquele ax\u00e9 \u00fanico da Bahia? \u00c9 com essa energia que Itacar\u00e9, no Sul da Bahia, se prepara para receber uma das etapas mais esperadas do Circuito Ta\u00e7a Brasil da CBSurf.<\/p>\n<p dir=\"ltr\"><img fetchpriority=\"high\" decoding=\"async\" class=\"alignnone size-full wp-image-32713\" src=\"https:\/\/www.blogdochico.com.br\/v2\/wp-content\/uploads\/2025\/05\/IMG-20250527-WA0051.jpg\" alt=\"\" width=\"760\" height=\"428\" srcset=\"https:\/\/www.blogdochico.com.br\/v2\/wp-content\/uploads\/2025\/05\/IMG-20250527-WA0051.jpg 760w, https:\/\/www.blogdochico.com.br\/v2\/wp-content\/uploads\/2025\/05\/IMG-20250527-WA0051-300x169.jpg 300w, https:\/\/www.blogdochico.com.br\/v2\/wp-content\/uploads\/2025\/05\/IMG-20250527-WA0051-585x329.jpg 585w\" sizes=\"(max-width: 760px) 100vw, 760px\" \/><\/p>\n<p dir=\"ltr\">Fruto de um trabalho intenso de articula\u00e7\u00e3o da Federa\u00e7\u00e3o Baiana de Surf, a Ta\u00e7a Brasil Itacar\u00e9 Surf Festival retorna ao estado com grande express\u00e3o e visibilidade, acontecendo entre os dias 16 e 22 de junho, na Praia da Tiririca. A realiza\u00e7\u00e3o do evento coloca novamente a cidade em evid\u00eancia no circuito nacional, atraindo os olhares de surfistas amadores e profissionais para este destino completo que respira o esporte e refor\u00e7a sua posi\u00e7\u00e3o de destaque ainda mais no cen\u00e1rio nacional e internacional do surf.<\/p>\n<p dir=\"ltr\">Marcelo Barros, presidente da Federa\u00e7\u00e3o Baiana de Surf, destaca o momento da entidade e a satisfa\u00e7\u00e3o em receber atletas de todo o Brasil: \u201cA FBSurf vem se tornando uma das federa\u00e7\u00f5es mais atuantes do pa\u00eds, com n\u00famero recorde de etapas estaduais e participa\u00e7\u00e3o expressiva em todas as categorias do Campeonato Brasileiro \u2013 da base ao profissional, incluindo Master e Parasurf, onde o atleta baiano Dijackson Santos foi campe\u00e3o mundial. Por isso, \u00e9 uma grande responsabilidade e um enorme orgulho receber atletas de todo o Brasil na Praia da Tiririca, onde o surf \u00e9 sempre uma experi\u00eancia marcante, com ondas constantes, mar de \u00e1guas mornas e natureza exuberante.\u201d<\/p>\n<p dir=\"ltr\"><img decoding=\"async\" class=\"alignnone size-full wp-image-32714\" src=\"https:\/\/www.blogdochico.com.br\/v2\/wp-content\/uploads\/2025\/05\/IMG-20250527-WA0052.jpg\" alt=\"\" width=\"760\" height=\"507\" srcset=\"https:\/\/www.blogdochico.com.br\/v2\/wp-content\/uploads\/2025\/05\/IMG-20250527-WA0052.jpg 760w, https:\/\/www.blogdochico.com.br\/v2\/wp-content\/uploads\/2025\/05\/IMG-20250527-WA0052-300x200.jpg 300w, https:\/\/www.blogdochico.com.br\/v2\/wp-content\/uploads\/2025\/05\/IMG-20250527-WA0052-585x390.jpg 585w\" sizes=\"(max-width: 760px) 100vw, 760px\" \/><\/p>\n<p dir=\"ltr\">A etapa da Ta\u00e7a Brasil Itacar\u00e9 Surf Festival deve reunir cerca de 280 atletas de pelo menos 15 estados brasileiros. Os competidores disputar\u00e3o as categorias Feminino e Masculino, de olho na premia\u00e7\u00e3o total de R$ 250 mil e nos 10 mil pontos no ranking classificat\u00f3rio da CBSurf \u2013 que define o acesso dos surfistas ao Dream Tour 2026, a elite do surf nacional. O evento \u00e9 realizado pela Confedera\u00e7\u00e3o Brasileira de Surf (CBSurf), em parceria com a Federa\u00e7\u00e3o Baiana de Surf (FBSurf), Associa\u00e7\u00e3o de Surf de Itacar\u00e9, Prefeitura Municipal de Itacar\u00e9, Secretarias Municipais, C\u00e2mara de Vereadores, Trade Tur\u00edstico, SUDESB e Governo do Estado da Bahia.<\/p>\n<p dir=\"ltr\"><img decoding=\"async\" class=\"alignnone size-full wp-image-32715\" src=\"https:\/\/www.blogdochico.com.br\/v2\/wp-content\/uploads\/2025\/05\/IMG-20250527-WA0053.jpg\" alt=\"\" width=\"760\" height=\"428\" srcset=\"https:\/\/www.blogdochico.com.br\/v2\/wp-content\/uploads\/2025\/05\/IMG-20250527-WA0053.jpg 760w, https:\/\/www.blogdochico.com.br\/v2\/wp-content\/uploads\/2025\/05\/IMG-20250527-WA0053-300x169.jpg 300w, https:\/\/www.blogdochico.com.br\/v2\/wp-content\/uploads\/2025\/05\/IMG-20250527-WA0053-585x329.jpg 585w\" sizes=\"(max-width: 760px) 100vw, 760px\" \/><\/p>\n<p dir=\"ltr\">Itacar\u00e9 Surf City &#8211;\u00a0Reconhecida nacional e internacionalmente como um dos destinos mais emblem\u00e1ticos do surf brasileiro, Itacar\u00e9 re\u00fane condi\u00e7\u00f5es naturais ideais para a pr\u00e1tica do esporte, com ondas de qualidade, diversidade de picos e uma comunidade historicamente engajada no desenvolvimento do surfe. Ao longo de todo o ano, a cidade atrai atletas profissionais, amadores e amantes do surf, sendo palco frequente de campeonatos estaduais e nacionais.<\/p>\n<p dir=\"ltr\">Um evento desta magnitude tamb\u00e9m deixa um legado positivo para a comunidade, aquecendo a economia local, movimentando os servi\u00e7os de turismo e hotelaria e funcionando como uma grande vitrine para este destino completo.<\/p>\n<p dir=\"ltr\"><img loading=\"lazy\" decoding=\"async\" class=\"alignnone size-full wp-image-32716\" src=\"https:\/\/www.blogdochico.com.br\/v2\/wp-content\/uploads\/2025\/05\/IMG-20250527-WA0050.jpg\" alt=\"\" width=\"760\" height=\"428\" srcset=\"https:\/\/www.blogdochico.com.br\/v2\/wp-content\/uploads\/2025\/05\/IMG-20250527-WA0050.jpg 760w, https:\/\/www.blogdochico.com.br\/v2\/wp-content\/uploads\/2025\/05\/IMG-20250527-WA0050-300x169.jpg 300w, https:\/\/www.blogdochico.com.br\/v2\/wp-content\/uploads\/2025\/05\/IMG-20250527-WA0050-585x329.jpg 585w\" sizes=\"(max-width: 760px) 100vw, 760px\" \/><\/p>\n<p dir=\"ltr\">Sobre a FBSurf &#8211;\u00a0A Federa\u00e7\u00e3o Baiana de Surf (FBSurf) \u00e9 hoje uma das entidades mais atuantes do pa\u00eds, com recorde de etapas realizadas no circuito estadual \u2014 foram dez etapas v\u00e1lidas para o ranking baiano em 2024. De olho no novo ciclo ol\u00edmpico, a federa\u00e7\u00e3o vem fortalecendo sua gest\u00e3o com foco na profissionaliza\u00e7\u00e3o, forma\u00e7\u00e3o de atletas e amplia\u00e7\u00e3o de parcerias estrat\u00e9gicas, como a firmada com a SUDESB.<\/p>\n<p dir=\"ltr\">Com dez associa\u00e7\u00f5es locais filiadas e atua\u00e7\u00e3o ao longo de todo o litoral baiano, a FBSurf promove e chancela campeonatos desde as categorias de base at\u00e9 o alto rendimento, incluindo o parasurf. Todos os eventos realizados contam com cobertura por ap\u00f3lice de seguro para atletas e comiss\u00e3o t\u00e9cnica, refor\u00e7ando o compromisso com a seguran\u00e7a e o bem-estar de quem vive o esporte.<\/p>\n<p dir=\"ltr\">Em 2024, a FBSurf passou a alinhar seu planejamento \u00e0 Agenda 2030 da ONU, adotando os Objetivos de Desenvolvimento Sustent\u00e1vel (ODS) como diretrizes para a organiza\u00e7\u00e3o dos eventos. Uma das a\u00e7\u00f5es de destaque \u00e9 a parceria com o projeto Mecenas da Vida, que deu origem \u00e0 iniciativa \u201cSurfistas Guardi\u00f5es do Clima\u201d, voltada \u00e0 compensa\u00e7\u00e3o das pegadas de carbono das etapas do Campeonato Baiano e da participa\u00e7\u00e3o dos atletas.<\/p>\n<p dir=\"ltr\">A realiza\u00e7\u00e3o da Ta\u00e7a Brasil Itacar\u00e9 Surf Festival \u00e9 parte desse esfor\u00e7o cont\u00ednuo por mais visibilidade, sustentabilidade, inclus\u00e3o e excel\u00eancia esportiva<\/p>\n<p dir=\"ltr\">TA\u00c7A BRASIL ITACAR\u00c9 SURF FESTIVAL<\/p>\n<p dir=\"ltr\">16 a 22 de JUNHO, na Praia da Tiririca<\/p>\n<p dir=\"ltr\">Inscri\u00e7\u00f5es pelo link:\u00a0<a href=\"http:\/\/www.cbsurf.org.br\/evento\/21\/taca-brasil-10000-2025\/2-etapa\" target=\"_blank\" rel=\"noopener noreferrer\" data-saferedirecturl=\"https:\/\/www.google.com\/url?q=http:\/\/www.cbsurf.org.br\/evento\/21\/taca-brasil-10000-2025\/2-etapa&amp;source=gmail&amp;ust=1748371121765000&amp;usg=AOvVaw2Q0ZSgRXEWaeDXe8Mhh6ID\">www.cbsurf.org.br\/<wbr \/>evento\/21\/taca-brasil-10000-<wbr \/>2025\/2-etapa<\/a><\/p>\n<p dir=\"ltr\">(Fabr\u00edcia Valeck)<\/p>\n<\/div>\n<\/div>\n<\/div>\n<\/div>\n<\/div>\n<\/div>\n","protected":false},"excerpt":{"rendered":"<p>A etapa vale 10 mil pontos no ranking e distribuir\u00e1 um total de R$ 250 mil entre os primeiros colocados&#8230;<\/p>\n","protected":false},"author":2,"featured_media":32712,"comment_status":"open","ping_status":"open","sticky":false,"template":"","format":"standard","meta":{"footnotes":""},"categories":[565,1],"tags":[893,443,1129],"class_list":["post-32711","post","type-post","status-publish","format-standard","has-post-thumbnail","hentry","category-destaques","category-geral","tag-competicao","tag-itacare","tag-surfe"],"_links":{"self":[{"href":"https:\/\/www.blogdochico.com.br\/v2\/wp-json\/wp\/v2\/posts\/32711","targetHints":{"allow":["GET"]}}],"collection":[{"href":"https:\/\/www.blogdochico.com.br\/v2\/wp-json\/wp\/v2\/posts"}],"about":[{"href":"https:\/\/www.blogdochico.com.br\/v2\/wp-json\/wp\/v2\/types\/post"}],"author":[{"embeddable":true,"href":"https:\/\/www.blogdochico.com.br\/v2\/wp-json\/wp\/v2\/users\/2"}],"replies":[{"embeddable":true,"href":"https:\/\/www.blogdochico.com.br\/v2\/wp-json\/wp\/v2\/comments?post=32711"}],"version-history":[{"count":1,"href":"https:\/\/www.blogdochico.com.br\/v2\/wp-json\/wp\/v2\/posts\/32711\/revisions"}],"predecessor-version":[{"id":32717,"href":"https:\/\/www.blogdochico.com.br\/v2\/wp-json\/wp\/v2\/posts\/32711\/revisions\/32717"}],"wp:featuredmedia":[{"embeddable":true,"href":"https:\/\/www.blogdochico.com.br\/v2\/wp-json\/wp\/v2\/media\/32712"}],"wp:attachment":[{"href":"https:\/\/www.blogdochico.com.br\/v2\/wp-json\/wp\/v2\/media?parent=32711"}],"wp:term":[{"taxonomy":"category","embeddable":true,"href":"https:\/\/www.blogdochico.com.br\/v2\/wp-json\/wp\/v2\/categories?post=32711"},{"taxonomy":"post_tag","embeddable":true,"href":"https:\/\/www.blogdochico.com.br\/v2\/wp-json\/wp\/v2\/tags?post=32711"}],"curies":[{"name":"wp","href":"https:\/\/api.w.org\/{rel}","templated":true}]}}