{"id":32890,"date":"2025-06-16T14:04:56","date_gmt":"2025-06-16T17:04:56","guid":{"rendered":"https:\/\/www.blogdochico.com.br\/v2\/?p=32890"},"modified":"2025-06-16T14:04:56","modified_gmt":"2025-06-16T17:04:56","slug":"publico-conhece-e-aprova-produtos-da-agricultura-familiar-da-bahia-durante-feira-em-luis-eduardo-magalhaes","status":"publish","type":"post","link":"https:\/\/www.blogdochico.com.br\/v2\/2025\/06\/16\/publico-conhece-e-aprova-produtos-da-agricultura-familiar-da-bahia-durante-feira-em-luis-eduardo-magalhaes\/","title":{"rendered":"P\u00fablico conhece e aprova produtos da agricultura familiar da Bahia durante feira em Lu\u00eds Eduardo Magalh\u00e3es"},"content":{"rendered":"<div>Os visitantes da Bahia Farm Show 2025 prestigiaram e aprovaram o espa\u00e7o de 790 m\u00b2 dedicado \u00e0 agricultura familiar da Bahia, dentro de um dos maiores eventos do agroneg\u00f3cio brasileiro. Com 32 estandes de produtos variados e um Emp\u00f3rio da Agricultura Familiar, o local se tornou um verdadeiro ponto de encontro para quem valoriza os sabores e a cultura do nosso estado.<\/div>\n<div><\/div>\n<div>Um dos visitantes que se encantou com as iguarias foi P\u00falio de Jesus, que destacou a conex\u00e3o afetiva proporcionada pelo espa\u00e7o. \u201c\u00c9 muito importante ter um estande da agricultura familiar aqui, porque ele traz as ra\u00edzes da Bahia e representa toda a diversidade do nosso estado. Al\u00e9m disso, estou relembrando minhas origens \u2014 sou do litoral baiano \u2014 e poder viver essa experi\u00eancia gastron\u00f4mica aqui em Lu\u00eds Eduardo Magalh\u00e3es \u00e9 fascinante\u201d, afirmou.<\/div>\n<div><\/div>\n<div>A gerente comercial Joyciele Proceski aproveitou a visita para fazer compras e descobrir novos sabores no Emp\u00f3rio. \u201cMinha sacola est\u00e1 cheia de produtos. Alguns eu j\u00e1 conhecia, como as petas temperadas que minha filha adora, e outros foram uma surpresa, como o licuri. Nunca tinha ouvido falar, provei e adorei. Recomendo a todos que passem por aqui. Os produtos t\u00eam pre\u00e7os acess\u00edveis e s\u00e3o de excelente qualidade.\u201d<\/div>\n<div><\/div>\n<div>Frequentadora ass\u00eddua da feira, Ac\u00e1cia Arag\u00e3o tamb\u00e9m marcou presen\u00e7a. \u201cEu j\u00e1 conhecia o espa\u00e7o da agricultura familiar na Bahia Farm Show e, este ano, voltei. Degustei um espetinho de cordeiro, comprei o licor de tamarindo, que \u00e9 perfeito , e aproveitei para levar um pouco de tudo: palmito, banana desidratada e mais.\u201d<\/div>\n<div><\/div>\n<div>A participa\u00e7\u00e3o da agricultura familiar da Bahia na Bahia Farm Show \u00e9 uma iniciativa do Governo do Estado, por meio da Companhia de Desenvolvimento e A\u00e7\u00e3o Regional (CAR). A a\u00e7\u00e3o tem como objetivo fortalecer a presen\u00e7a dos empreendimentos da agricultura familiar em um dos principais eventos do agroneg\u00f3cio nacional e internacional, promovendo a diversidade produtiva, a sustentabilidade e a valoriza\u00e7\u00e3o socioecon\u00f4mica dos agricultores e agricultoras familiares baianos.<\/div>\n<div><\/div>\n<div>Texto: Rafael Barreto<\/div>\n<div>Fotos: Andr\u00e9 Frutu\u00f4so\/Ascom CAR<\/div>\n","protected":false},"excerpt":{"rendered":"<p>Os visitantes da Bahia Farm Show 2025 prestigiaram e aprovaram o espa\u00e7o de 790 m\u00b2 dedicado \u00e0 agricultura familiar da&#8230;<\/p>\n","protected":false},"author":2,"featured_media":32891,"comment_status":"open","ping_status":"open","sticky":false,"template":"","format":"standard","meta":{"footnotes":""},"categories":[565,1],"tags":[1206,167,1207,1205],"class_list":["post-32890","post","type-post","status-publish","format-standard","has-post-thumbnail","hentry","category-destaques","category-geral","tag-agricultura-familiar","tag-bahia","tag-farm-show","tag-produtos"],"_links":{"self":[{"href":"https:\/\/www.blogdochico.com.br\/v2\/wp-json\/wp\/v2\/posts\/32890","targetHints":{"allow":["GET"]}}],"collection":[{"href":"https:\/\/www.blogdochico.com.br\/v2\/wp-json\/wp\/v2\/posts"}],"about":[{"href":"https:\/\/www.blogdochico.com.br\/v2\/wp-json\/wp\/v2\/types\/post"}],"author":[{"embeddable":true,"href":"https:\/\/www.blogdochico.com.br\/v2\/wp-json\/wp\/v2\/users\/2"}],"replies":[{"embeddable":true,"href":"https:\/\/www.blogdochico.com.br\/v2\/wp-json\/wp\/v2\/comments?post=32890"}],"version-history":[{"count":1,"href":"https:\/\/www.blogdochico.com.br\/v2\/wp-json\/wp\/v2\/posts\/32890\/revisions"}],"predecessor-version":[{"id":32892,"href":"https:\/\/www.blogdochico.com.br\/v2\/wp-json\/wp\/v2\/posts\/32890\/revisions\/32892"}],"wp:featuredmedia":[{"embeddable":true,"href":"https:\/\/www.blogdochico.com.br\/v2\/wp-json\/wp\/v2\/media\/32891"}],"wp:attachment":[{"href":"https:\/\/www.blogdochico.com.br\/v2\/wp-json\/wp\/v2\/media?parent=32890"}],"wp:term":[{"taxonomy":"category","embeddable":true,"href":"https:\/\/www.blogdochico.com.br\/v2\/wp-json\/wp\/v2\/categories?post=32890"},{"taxonomy":"post_tag","embeddable":true,"href":"https:\/\/www.blogdochico.com.br\/v2\/wp-json\/wp\/v2\/tags?post=32890"}],"curies":[{"name":"wp","href":"https:\/\/api.w.org\/{rel}","templated":true}]}}