{"id":33224,"date":"2025-08-05T17:13:21","date_gmt":"2025-08-05T20:13:21","guid":{"rendered":"https:\/\/www.blogdochico.com.br\/v2\/?p=33224"},"modified":"2025-08-05T17:13:21","modified_gmt":"2025-08-05T20:13:21","slug":"ilheus-inicia-campanha-de-vacinacao-antirrabica-2025-para-caes-e-gatos","status":"publish","type":"post","link":"https:\/\/www.blogdochico.com.br\/v2\/2025\/08\/05\/ilheus-inicia-campanha-de-vacinacao-antirrabica-2025-para-caes-e-gatos\/","title":{"rendered":"Ilh\u00e9us inicia Campanha de Vacina\u00e7\u00e3o Antirr\u00e1bica 2025 para c\u00e3es e gatos"},"content":{"rendered":"<p><em>O dia D da campanha ser\u00e1 30 de agosto<\/em><\/p>\n<p>A Prefeitura de Ilh\u00e9us, por meio da Secretaria Municipal de Sa\u00fade, deu in\u00edcio \u00e0 Campanha de Vacina\u00e7\u00e3o Antirr\u00e1bica 2025, que \u00e9 realizada desde o dia 4 e segue at\u00e9 29 de agosto das 8 da manh\u00e3 \u00e0s 14 horas em todo o munic\u00edpio. O dia D da campanha est\u00e1 marcado para 30 de agosto, quando a vacina\u00e7\u00e3o ser\u00e1 intensificada tanto na zona urbana quanto na zona rural.<\/p>\n<p>De acordo com a Diretora de Vigil\u00e2ncia em Sa\u00fade, Katiussa Nascimento, a vacina\u00e7\u00e3o antirr\u00e1bica \u00e9 fundamental para o controle da raiva, uma doen\u00e7a quase sempre letal, tanto para os animais quanto para os humanos. \u201cNosso objetivo \u00e9 atingir o maior n\u00famero poss\u00edvel de animais vacinados. Todos os bairros de Ilh\u00e9us ter\u00e3o pontos estrat\u00e9gicos, com apoio de associa\u00e7\u00f5es comunit\u00e1rias e unidades de sa\u00fade. Na zona rural, os distritos tamb\u00e9m receber\u00e3o equipes diariamente, para que possamos alcan\u00e7ar a maior cobertura vacinal dos \u00faltimos tempos\u201d, destacou.<\/p>\n<p>A meta do munic\u00edpio \u00e9 vacinar at\u00e9 95% da popula\u00e7\u00e3o animal, cobrindo \u00e1reas urbanas e rurais. A campanha contempla c\u00e3es e gatos a partir de tr\u00eas meses de idade, saud\u00e1veis e sem sintomas de doen\u00e7as.<\/p>\n<p>Confira o cronograma:<\/p>\n<p>Per\u00edodo da Campanha:<br \/>\n04 a 29 de agosto de 2025<br \/>\nDia D: 30 de agosto de 2025<br \/>\n\u2013 Vacina\u00e7\u00e3o intensificada em toda a cidade<\/p>\n<p>Locais de vacina\u00e7\u00e3o por semana:<\/p>\n<p>\ud83d\udd39 1\u00aa Semana \u2013 04 a 08\/08<br \/>\nAtendimento nos bairros: Euller, Vilela, Iguape, Princesa Isabel, Barra, Avenida Esperan\u00e7a, Su\u00edsso(comunidade no T. Vilela), S\u00e3o Domingos, S\u00e3o Miguel, Morada do Bosque, Nova Esperan\u00e7a, Residencial Vilela e CSU Bas\u00edlio.<\/p>\n<p>\ud83d\udd39 2\u00aa a 4\u00aa Semana \u2013 11 a 29\/08<br \/>\nVacina\u00e7\u00e3o nas comunidades rurais e bairros como: Banco Central, S\u00e3o Jo\u00e3o, Aritagu\u00e1, Inema, Itariri, Nova Vit\u00f3ria, Sambaituba, Pimenteira, Lava P\u00e9s, Urucutuca, Campinhos, Vila Ol\u00edmpio, Banco do Pedro, S\u00e3o Jos\u00e9, Ribeira das Pedras, Castelo Novo e Carobeira.<\/p>\n<p>Observa\u00e7\u00e3o:<br \/>\nAlguns pontos ainda est\u00e3o com datas a confirmar, sendo atualizados conforme o andamento da campanha.<\/p>\n<p>A vacina\u00e7\u00e3o \u00e9 gratuita e uma medida essencial de sa\u00fade p\u00fablica. A Secretaria de Sa\u00fade orienta que os tutores levem seus animais com seguran\u00e7a (uso de coleira, guia e focinheira, se necess\u00e1rio), e refor\u00e7a a import\u00e2ncia da participa\u00e7\u00e3o de toda a popula\u00e7\u00e3o.<\/p>\n<p>Por ASCOM SESAU<\/p>\n","protected":false},"excerpt":{"rendered":"<p>O dia D da campanha ser\u00e1 30 de agosto A Prefeitura de Ilh\u00e9us, por meio da Secretaria Municipal de Sa\u00fade,&#8230;<\/p>\n","protected":false},"author":2,"featured_media":33225,"comment_status":"open","ping_status":"open","sticky":false,"template":"","format":"standard","meta":{"footnotes":""},"categories":[565,1],"tags":[1340,162,1080],"class_list":["post-33224","post","type-post","status-publish","format-standard","has-post-thumbnail","hentry","category-destaques","category-geral","tag-antirrabica","tag-ilheus","tag-vacinacao"],"_links":{"self":[{"href":"https:\/\/www.blogdochico.com.br\/v2\/wp-json\/wp\/v2\/posts\/33224","targetHints":{"allow":["GET"]}}],"collection":[{"href":"https:\/\/www.blogdochico.com.br\/v2\/wp-json\/wp\/v2\/posts"}],"about":[{"href":"https:\/\/www.blogdochico.com.br\/v2\/wp-json\/wp\/v2\/types\/post"}],"author":[{"embeddable":true,"href":"https:\/\/www.blogdochico.com.br\/v2\/wp-json\/wp\/v2\/users\/2"}],"replies":[{"embeddable":true,"href":"https:\/\/www.blogdochico.com.br\/v2\/wp-json\/wp\/v2\/comments?post=33224"}],"version-history":[{"count":1,"href":"https:\/\/www.blogdochico.com.br\/v2\/wp-json\/wp\/v2\/posts\/33224\/revisions"}],"predecessor-version":[{"id":33226,"href":"https:\/\/www.blogdochico.com.br\/v2\/wp-json\/wp\/v2\/posts\/33224\/revisions\/33226"}],"wp:featuredmedia":[{"embeddable":true,"href":"https:\/\/www.blogdochico.com.br\/v2\/wp-json\/wp\/v2\/media\/33225"}],"wp:attachment":[{"href":"https:\/\/www.blogdochico.com.br\/v2\/wp-json\/wp\/v2\/media?parent=33224"}],"wp:term":[{"taxonomy":"category","embeddable":true,"href":"https:\/\/www.blogdochico.com.br\/v2\/wp-json\/wp\/v2\/categories?post=33224"},{"taxonomy":"post_tag","embeddable":true,"href":"https:\/\/www.blogdochico.com.br\/v2\/wp-json\/wp\/v2\/tags?post=33224"}],"curies":[{"name":"wp","href":"https:\/\/api.w.org\/{rel}","templated":true}]}}