{"id":33241,"date":"2025-08-08T08:21:50","date_gmt":"2025-08-08T11:21:50","guid":{"rendered":"https:\/\/www.blogdochico.com.br\/v2\/?p=33241"},"modified":"2025-08-08T08:21:50","modified_gmt":"2025-08-08T11:21:50","slug":"lucro-sustentavel-e-tema-de-livro-que-sera-lancado-na-abertura-da-semana-de-inovacao-de-ilheus","status":"publish","type":"post","link":"https:\/\/www.blogdochico.com.br\/v2\/2025\/08\/08\/lucro-sustentavel-e-tema-de-livro-que-sera-lancado-na-abertura-da-semana-de-inovacao-de-ilheus\/","title":{"rendered":"Lucro sustent\u00e1vel \u00e9 tema de livro que ser\u00e1 lan\u00e7ado na abertura da Semana de Inova\u00e7\u00e3o de Ilh\u00e9us"},"content":{"rendered":"<div>Durante a abertura da Semana de Inova\u00e7\u00e3o de Ilh\u00e9us, na pr\u00f3xima segunda-feira, 11 de agosto, Sabrina de Branco lan\u00e7ar\u00e1 seu livro intitulado \u201cA Revolu\u00e7\u00e3o do lucro sustent\u00e1vel \u2013 Como incorporar a sustentabilidade \u00e0 estrat\u00e9gia corporativa para impulsionar inova\u00e7\u00e3o, reduzir riscos e aumentar a lucratividade\u201d. A autora ser\u00e1 respons\u00e1vel por uma das palestras de abertura do evento, em que vai falar sobre inova\u00e7\u00e3o como ato de coragem, estrat\u00e9gia e lideran\u00e7a, prometendo provocar os participantes a pensarem em como transformar Ilh\u00e9us em um vale do sil\u00edcio tropical.<\/div>\n<div><\/div>\n<div>Al\u00e9m de compartilhar um conte\u00fado totalmente atual e em alta, em um formato que vai ajudar as empresas a entenderem o que precisa ser feito e rapidamente colocarem em pr\u00e1tica, Sabrina comentou que todo o lucro proveniente da venda dos livros ser\u00e1 direcionado para a\u00e7\u00f5es sociais que ela apoia, a come\u00e7ar pela ONG Live Africa, que cuida de cerca de 50 crian\u00e7as \u00f3rf\u00e3s em Uganda e depende exclusivamente de doa\u00e7\u00f5es para todos os custos necess\u00e1rios. \u201cMeu desejo \u00e9 que as pessoas tenham a oportunidade de apoiar projetos relevantes e s\u00e9rios, e que o livro seja a minha forma de gratid\u00e3o a elas por este apoio\u201d, finalizou.<\/div>\n<div><\/div>\n<div>Sabrina atua como executiva s\u00eanior em Sustentabilidade Corporativa, com s\u00f3lida experi\u00eancia em grandes organiza\u00e7\u00f5es multinacionais de diversos setores. Com uma trajet\u00f3ria marcada pela atua\u00e7\u00e3o pr\u00e1tica e pela vis\u00e3o estrat\u00e9gica, tem sido refer\u00eancia na condu\u00e7\u00e3o de projetos que aliam inova\u00e7\u00e3o, responsabilidade e resultado. Sua forma\u00e7\u00e3o multidisciplinar e seu olhar sist\u00eamico permitem conectar os pilares ambiental, social e de governan\u00e7a \u00e0s din\u00e2micas reais do mercado, transformando a sustentabilidade em uma alavanca de valor, reputa\u00e7\u00e3o e competitividade.<\/div>\n<div><\/div>\n<div>Com uma abordagem pr\u00e1tica, estrat\u00e9gica e orientada a resultados, Sabrina tem ajudado grandes empresas a iniciarem ou acelerarem sua jornada de sustentabilidade, atuando diretamente na governan\u00e7a, gest\u00e3o de riscos, engajamento de stakeholders e inova\u00e7\u00e3o sustent\u00e1vel. A autora \u00e9 reconhecida\u00a0por sua habilidade em traduzir conceitos complexos em a\u00e7\u00f5es tang\u00edveis e aplic\u00e1veis para l\u00edderes empresariais e gestores de alto impacto.<\/div>\n<div><\/div>\n<div>\u201cEste livro nasce do desejo de compartilhar essa viv\u00eancia com l\u00edderes que entendem que o futuro dos neg\u00f3cios ser\u00e1 cada vez mais determinado por quem consegue transformar o lucro em vantagem competitiva\u201d, diz a autora. Ela afirma ter escolhido Ilh\u00e9us para o lan\u00e7amento do seu primeiro livro por toda a sua rela\u00e7\u00e3o com a cidade, que foi onde ela morou por longos anos, se formou e come\u00e7ou sua carreira. \u201cN\u00e3o poderia ser em outro lugar. Ilh\u00e9us foi onde a minha vida profissional come\u00e7ou e onde eu aprend\u00ed boa parte do que vou compartilhar tanto no livro quanto na palestra da Semana de Inova\u00e7\u00e3o\u201d, \u00a0comentou.<\/div>\n<div><\/div>\n<div>A Semana de Inova\u00e7\u00e3o de Ilh\u00e9us acontece no Centro de Conven\u00e7\u00f5es, de 11 a 15 de agosto e conta com uma programa\u00e7\u00e3o repleta de atividades, como palestras, pain\u00e9is, mentoria e oportunidades \u00fanicas de conex\u00f5es e gera\u00e7\u00e3o de ideias. As inscri\u00e7\u00f5es podem ser feitas pelo site:\u00a0<u><a id=\"m_-3362611932871516699m_-6261037285455117678OWAa0ddad83-fcf2-dc70-00f8-ae83ffbbd22f\" href=\"https:\/\/semanadeinovacaoilheus.com.br\/\" target=\"_blank\" rel=\"noopener noreferrer\" data-saferedirecturl=\"https:\/\/www.google.com\/url?q=https:\/\/semanadeinovacaoilheus.com.br\/&amp;source=gmail&amp;ust=1754700288690000&amp;usg=AOvVaw0t-QID457CpyAWgW4iwDMD\">https:\/\/<wbr \/>semanadeinovacaoilheus.com.br<\/a><\/u><\/div>\n","protected":false},"excerpt":{"rendered":"<p>Durante a abertura da Semana de Inova\u00e7\u00e3o de Ilh\u00e9us, na pr\u00f3xima segunda-feira, 11 de agosto, Sabrina de Branco lan\u00e7ar\u00e1 seu&#8230;<\/p>\n","protected":false},"author":2,"featured_media":33242,"comment_status":"open","ping_status":"open","sticky":false,"template":"","format":"standard","meta":{"footnotes":""},"categories":[565,1],"tags":[191,592,1345,1344],"class_list":["post-33241","post","type-post","status-publish","format-standard","has-post-thumbnail","hentry","category-destaques","category-geral","tag-lanca","tag-livro","tag-lucro-sustentavel","tag-sabrina-de-branco"],"_links":{"self":[{"href":"https:\/\/www.blogdochico.com.br\/v2\/wp-json\/wp\/v2\/posts\/33241","targetHints":{"allow":["GET"]}}],"collection":[{"href":"https:\/\/www.blogdochico.com.br\/v2\/wp-json\/wp\/v2\/posts"}],"about":[{"href":"https:\/\/www.blogdochico.com.br\/v2\/wp-json\/wp\/v2\/types\/post"}],"author":[{"embeddable":true,"href":"https:\/\/www.blogdochico.com.br\/v2\/wp-json\/wp\/v2\/users\/2"}],"replies":[{"embeddable":true,"href":"https:\/\/www.blogdochico.com.br\/v2\/wp-json\/wp\/v2\/comments?post=33241"}],"version-history":[{"count":1,"href":"https:\/\/www.blogdochico.com.br\/v2\/wp-json\/wp\/v2\/posts\/33241\/revisions"}],"predecessor-version":[{"id":33243,"href":"https:\/\/www.blogdochico.com.br\/v2\/wp-json\/wp\/v2\/posts\/33241\/revisions\/33243"}],"wp:featuredmedia":[{"embeddable":true,"href":"https:\/\/www.blogdochico.com.br\/v2\/wp-json\/wp\/v2\/media\/33242"}],"wp:attachment":[{"href":"https:\/\/www.blogdochico.com.br\/v2\/wp-json\/wp\/v2\/media?parent=33241"}],"wp:term":[{"taxonomy":"category","embeddable":true,"href":"https:\/\/www.blogdochico.com.br\/v2\/wp-json\/wp\/v2\/categories?post=33241"},{"taxonomy":"post_tag","embeddable":true,"href":"https:\/\/www.blogdochico.com.br\/v2\/wp-json\/wp\/v2\/tags?post=33241"}],"curies":[{"name":"wp","href":"https:\/\/api.w.org\/{rel}","templated":true}]}}