{"id":33734,"date":"2025-11-04T10:10:28","date_gmt":"2025-11-04T13:10:28","guid":{"rendered":"https:\/\/www.blogdochico.com.br\/v2\/?p=33734"},"modified":"2025-11-04T10:10:28","modified_gmt":"2025-11-04T13:10:28","slug":"prefeitura-de-ilheus-avanca-na-organizacao-do-concurso-publico-municipal","status":"publish","type":"post","link":"https:\/\/www.blogdochico.com.br\/v2\/2025\/11\/04\/prefeitura-de-ilheus-avanca-na-organizacao-do-concurso-publico-municipal\/","title":{"rendered":"Prefeitura de Ilh\u00e9us avan\u00e7a na organiza\u00e7\u00e3o do concurso p\u00fablico municipal"},"content":{"rendered":"<p>Grupo de Trabalho realiza primeira reuni\u00e3o para definir etapas, responsabilidades e pr\u00f3ximos passos do certame<\/p>\n<p>Na tarde desta segunda-feira (3), a Prefeitura de Ilh\u00e9us realizou uma reuni\u00e3o de implanta\u00e7\u00e3o do Grupo de Trabalho (GT) respons\u00e1vel por conduzir o processo de organiza\u00e7\u00e3o do concurso p\u00fablico municipal. O encontro aconteceu na sede da Prefeitura, situada na Avenida Brasil, bairro Conquista, e contou com a presen\u00e7a de representantes das secretarias da Casa Civil, Gest\u00e3o, Fazenda, Procuradoria-Geral do Munic\u00edpio e Gabinete do Prefeito.<\/p>\n<p>Durante a reuni\u00e3o, foram apresentadas algumas etapas do planejamento, defini\u00e7\u00e3o de metodologias e responsabilidades de cada \u00f3rg\u00e3o envolvido. O secret\u00e1rio da Casa Civil, Vin\u00edcius Ibrann, que coordena o GT, destacou a import\u00e2ncia da condu\u00e7\u00e3o t\u00e9cnica e transparente de todo o processo, com aten\u00e7\u00e3o especial aos estudos de impacto or\u00e7ament\u00e1rio e financeiro, al\u00e9m das particularidades de progress\u00e3o de carreira dos servidores. Tamb\u00e9m foi ressaltada a integra\u00e7\u00e3o com o Minist\u00e9rio P\u00fablico, visando garantir que todas as etapas ocorram dentro dos par\u00e2metros legais e de responsabilidade fiscal.<\/p>\n<p>Com essa iniciativa, a Prefeitura de Ilh\u00e9us reafirma seu compromisso com a valoriza\u00e7\u00e3o do servi\u00e7o p\u00fablico e a transpar\u00eancia nos processos administrativos. O munic\u00edpio segue empenhado em organizar um concurso que atenda \u00e0s necessidades da popula\u00e7\u00e3o e fortale\u00e7a o quadro efetivo de servidores. O Grupo de Trabalho voltar\u00e1 a se reunir no dia 10 de novembro para apresentar os novos estudos e definir o cronograma de execu\u00e7\u00e3o das pr\u00f3ximas etapas do certame.<\/p>\n","protected":false},"excerpt":{"rendered":"<p>Grupo de Trabalho realiza primeira reuni\u00e3o para definir etapas, responsabilidades e pr\u00f3ximos passos do certame Na tarde desta segunda-feira (3),&#8230;<\/p>\n","protected":false},"author":2,"featured_media":33735,"comment_status":"open","ping_status":"open","sticky":false,"template":"","format":"standard","meta":{"footnotes":""},"categories":[565,1],"tags":[172,162,1495,961],"class_list":["post-33734","post","type-post","status-publish","format-standard","has-post-thumbnail","hentry","category-destaques","category-geral","tag-concurso","tag-ilheus","tag-preparativos","tag-publico"],"_links":{"self":[{"href":"https:\/\/www.blogdochico.com.br\/v2\/wp-json\/wp\/v2\/posts\/33734","targetHints":{"allow":["GET"]}}],"collection":[{"href":"https:\/\/www.blogdochico.com.br\/v2\/wp-json\/wp\/v2\/posts"}],"about":[{"href":"https:\/\/www.blogdochico.com.br\/v2\/wp-json\/wp\/v2\/types\/post"}],"author":[{"embeddable":true,"href":"https:\/\/www.blogdochico.com.br\/v2\/wp-json\/wp\/v2\/users\/2"}],"replies":[{"embeddable":true,"href":"https:\/\/www.blogdochico.com.br\/v2\/wp-json\/wp\/v2\/comments?post=33734"}],"version-history":[{"count":1,"href":"https:\/\/www.blogdochico.com.br\/v2\/wp-json\/wp\/v2\/posts\/33734\/revisions"}],"predecessor-version":[{"id":33736,"href":"https:\/\/www.blogdochico.com.br\/v2\/wp-json\/wp\/v2\/posts\/33734\/revisions\/33736"}],"wp:featuredmedia":[{"embeddable":true,"href":"https:\/\/www.blogdochico.com.br\/v2\/wp-json\/wp\/v2\/media\/33735"}],"wp:attachment":[{"href":"https:\/\/www.blogdochico.com.br\/v2\/wp-json\/wp\/v2\/media?parent=33734"}],"wp:term":[{"taxonomy":"category","embeddable":true,"href":"https:\/\/www.blogdochico.com.br\/v2\/wp-json\/wp\/v2\/categories?post=33734"},{"taxonomy":"post_tag","embeddable":true,"href":"https:\/\/www.blogdochico.com.br\/v2\/wp-json\/wp\/v2\/tags?post=33734"}],"curies":[{"name":"wp","href":"https:\/\/api.w.org\/{rel}","templated":true}]}}