{"id":34015,"date":"2025-12-09T09:21:37","date_gmt":"2025-12-09T12:21:37","guid":{"rendered":"https:\/\/www.blogdochico.com.br\/v2\/?p=34015"},"modified":"2025-12-09T09:22:49","modified_gmt":"2025-12-09T12:22:49","slug":"hospital-materno-infantil-de-ilheus-lanca-revista-comemorativa-pelos-quatro-anos-de-atuacao","status":"publish","type":"post","link":"https:\/\/www.blogdochico.com.br\/v2\/2025\/12\/09\/hospital-materno-infantil-de-ilheus-lanca-revista-comemorativa-pelos-quatro-anos-de-atuacao\/","title":{"rendered":"Hospital Materno-Infantil de Ilh\u00e9us lan\u00e7a revista comemorativa pelos quatro anos de atua\u00e7\u00e3o"},"content":{"rendered":"<p>O Hospital Materno-Infantil Dr. Joaquim Sampaio (HMIJS), em Ilh\u00e9us, obra do Governo do Estado e administrado pela Funda\u00e7\u00e3o Estatal Sa\u00fade da Fam\u00edlia (FESF-SUS), celebra seus quatro anos de exist\u00eancia com o lan\u00e7amento de uma revista especial que documenta a trajet\u00f3ria da unidade desde sua inaugura\u00e7\u00e3o, em dezembro de 2021.<\/p>\n<p>A publica\u00e7\u00e3o, intitulada Mainha, forma carinhosa e regional de se referir \u00e0 m\u00e3e, muito comum na Bahia, \u00e9 um registro hist\u00f3rico e emocionante do impacto que o hospital, que abriga a \u00fanica maternidade 100% SUS da regi\u00e3o, tem gerado no interior da Bahia.<\/p>\n<p><strong>Hist\u00f3rias e vidas<\/strong><\/p>\n<p>A revista foi cuidadosamente elaborada para apresentar ao p\u00fablico n\u00e3o apenas os n\u00fameros de sucesso, mas tamb\u00e9m as hist\u00f3rias humanas por tr\u00e1s do servi\u00e7o. Ela est\u00e1 dividida em se\u00e7\u00f5es que abrangem os principais pilares do HMIJS: humaniza\u00e7\u00e3o e acolhimento.<\/p>\n<p>A se\u00e7\u00e3o principal foca na excel\u00eancia dos servi\u00e7os e nas pr\u00e1ticas de parto humanizado. Traz relatos emocionantes de m\u00e3es que tiveram seus beb\u00eas no hospital, destacando a liberdade de escolha e o ambiente acolhedor.<\/p>\n<p><strong>Vitrine de boas pr\u00e1ticas<\/strong><\/p>\n<p>Produzida pela assessoria de imprensa da FESF-SUS, a revista ser\u00e1 distribu\u00edda gratuitamente em formato digital e impressa para autoridades e representantes dos munic\u00edpios atendidos pela institui\u00e7\u00e3o, servindo como uma vitrine de boas pr\u00e1ticas para a sa\u00fade p\u00fablica.<\/p>\n<p>Traz depoimentos marcantes da secret\u00e1ria estadual da Sa\u00fade, Roberta Santana; do diretor-geral da FESF-SUS, Bruno Guimar\u00e3es; e da diretora-geral da unidade, Domilene Borges. \u201cEsta revista celebra uma hist\u00f3ria constru\u00edda com afeto, compet\u00eancia e resultados concretos\u201d, destaca Roberta Santana. Bruno Guimar\u00e3es lembra que o perfil hospital-escola j\u00e1 proporcionou forma\u00e7\u00e3o integral, onde a teoria se encontra com a realidade da sa\u00fade p\u00fablica, para mais de 1.300 estudantes de Medicina, Enfermagem, Servi\u00e7o Social, Biomedicina e outras \u00e1reas t\u00e9cnicas.<\/p>\n<p>\u201cO lan\u00e7amento desta revista n\u00e3o \u00e9 apenas uma celebra\u00e7\u00e3o dos quatro anos, mas a reafirma\u00e7\u00e3o do compromisso do Hospital Dr. Joaquim Sampaio em ser a casa da vida e o farol do cuidado materno-infantil no sul da Bahia\u201d, assegura Domilene Borges.<\/p>\n<p><strong>Refer\u00eancia<\/strong><\/p>\n<p>O Hospital Materno-Infantil Dr. Joaquim Sampaio conta com 105 leitos de interna\u00e7\u00e3o, incluindo 10 de Terapia Intensiva Neonatal (UTI Neo) e 25 de cuidados semi-intensivos, al\u00e9m de cinco leitos no Centro de Parto Normal Intra-hospitalar. A unidade \u00e9 refer\u00eancia regional em atendimento a partos de risco, gesta\u00e7\u00e3o de alto risco, cuidados intensivos e intermedi\u00e1rios neonatais e cuidados intensivos e cl\u00ednicos infantis. \u00c9 o \u00fanico hospital habilitado na Bahia para o atendimento aos Povos Ind\u00edgenas. Funciona 24 horas por dia e atende tanto demandas espont\u00e2neas quanto referenciadas pela rede prim\u00e1ria de sa\u00fade.<\/p>\n<p>Confira revista abaixo.<\/p>\n<p><iframe class=\"wp-embedded-content\" sandbox=\"allow-scripts\" security=\"restricted\" title=\"REVISTA HMIJS_MOD2 FINAL - INTERNET\" width=\"640\" height=\"360\" src=\"https:\/\/online.fliphtml5.com\/rnbli\/xmic\/#?secret=1KJiic5nml\" data-secret=\"1KJiic5nml\" scrolling=\"no\" frameborder=\"0\"><\/iframe><\/p>\n","protected":false},"excerpt":{"rendered":"<p>O Hospital Materno-Infantil Dr. Joaquim Sampaio (HMIJS), em Ilh\u00e9us, obra do Governo do Estado e administrado pela Funda\u00e7\u00e3o Estatal Sa\u00fade&#8230;<\/p>\n","protected":false},"author":2,"featured_media":34016,"comment_status":"open","ping_status":"open","sticky":false,"template":"","format":"standard","meta":{"footnotes":""},"categories":[565,1],"tags":[222,1593],"class_list":["post-34015","post","type-post","status-publish","format-standard","has-post-thumbnail","hentry","category-destaques","category-geral","tag-hmijs","tag-revista"],"_links":{"self":[{"href":"https:\/\/www.blogdochico.com.br\/v2\/wp-json\/wp\/v2\/posts\/34015","targetHints":{"allow":["GET"]}}],"collection":[{"href":"https:\/\/www.blogdochico.com.br\/v2\/wp-json\/wp\/v2\/posts"}],"about":[{"href":"https:\/\/www.blogdochico.com.br\/v2\/wp-json\/wp\/v2\/types\/post"}],"author":[{"embeddable":true,"href":"https:\/\/www.blogdochico.com.br\/v2\/wp-json\/wp\/v2\/users\/2"}],"replies":[{"embeddable":true,"href":"https:\/\/www.blogdochico.com.br\/v2\/wp-json\/wp\/v2\/comments?post=34015"}],"version-history":[{"count":2,"href":"https:\/\/www.blogdochico.com.br\/v2\/wp-json\/wp\/v2\/posts\/34015\/revisions"}],"predecessor-version":[{"id":34018,"href":"https:\/\/www.blogdochico.com.br\/v2\/wp-json\/wp\/v2\/posts\/34015\/revisions\/34018"}],"wp:featuredmedia":[{"embeddable":true,"href":"https:\/\/www.blogdochico.com.br\/v2\/wp-json\/wp\/v2\/media\/34016"}],"wp:attachment":[{"href":"https:\/\/www.blogdochico.com.br\/v2\/wp-json\/wp\/v2\/media?parent=34015"}],"wp:term":[{"taxonomy":"category","embeddable":true,"href":"https:\/\/www.blogdochico.com.br\/v2\/wp-json\/wp\/v2\/categories?post=34015"},{"taxonomy":"post_tag","embeddable":true,"href":"https:\/\/www.blogdochico.com.br\/v2\/wp-json\/wp\/v2\/tags?post=34015"}],"curies":[{"name":"wp","href":"https:\/\/api.w.org\/{rel}","templated":true}]}}